[{"@context":"https:\/\/schema.org\/","@type":"Article","@id":"https:\/\/www.fret.cz\/proc-ano-a-proc-ne\/#Article","mainEntityOfPage":"https:\/\/www.fret.cz\/proc-ano-a-proc-ne\/","headline":"Pro\u010d ano a pro\u010d ne","name":"Pro\u010d ano a pro\u010d ne","description":"Nejv\u011bt\u0161\u00edm l\u00e1kadlem jsou ur\u010dit\u011b pen\u00edze, \u017e\u00e1dn\u00fd nad\u0159\u00edzen\u00fd nebo \u0161\u00e9f, flexibiln\u00ed pracovn\u00ed doba, prost\u011b jak si to ud\u011bl\u00e1te a napl\u00e1nujete, takov\u00e9 to budete m\u00edt. Podnikan\u00ed se za\u010d\u00ednaj\u00ed lid\u00e9 v\u011bnovat p\u0159edev\u0161\u00edm kv\u016fli vidin\u011b slu\u0161n\u00e9ho p\u0159\u00edjmu. Ov\u0161em zadarmo to nen\u00ed, ze za\u010d\u00e1tku to ur\u010dit\u011b bude vy\u017eadovat hodn\u011b \u010dasu a sna\u017een\u00ed. Nav\u00edc o\u010dek\u00e1vat, \u017ee b\u011bhem n\u011bkolika m\u011bs\u00edc\u016f se z [&hellip;]","datePublished":"2019-08-01","dateModified":"2023-05-02","author":{"@type":"Person","@id":"https:\/\/www.fret.cz\/author\/#Person","name":"","url":"https:\/\/www.fret.cz\/author\/","identifier":1,"image":{"@type":"ImageObject","@id":"https:\/\/secure.gravatar.com\/avatar\/cfe4dae5aaf43720425415780408681beb9b9a829e9a657295ed1cacce5febc2?s=96&d=mm&r=g","url":"https:\/\/secure.gravatar.com\/avatar\/cfe4dae5aaf43720425415780408681beb9b9a829e9a657295ed1cacce5febc2?s=96&d=mm&r=g","height":96,"width":96}},"publisher":{"@type":"Organization","name":"fret.cz","logo":{"@type":"ImageObject","@id":"\/logo.png","url":"\/logo.png","width":600,"height":60}},"image":{"@type":"ImageObject","@id":"https:\/\/www.fret.cz\/wp-content\/uploads\/img_a351540_w2523_t1566072026.jpg","url":"https:\/\/www.fret.cz\/wp-content\/uploads\/img_a351540_w2523_t1566072026.jpg","height":0,"width":0},"url":"https:\/\/www.fret.cz\/proc-ano-a-proc-ne\/","about":["Slu\u017eby"],"wordCount":448,"articleBody":" Nejv\u011bt\u0161\u00edm l\u00e1kadlem jsou ur\u010dit\u011b pen\u00edze, \u017e\u00e1dn\u00fd nad\u0159\u00edzen\u00fd nebo \u0161\u00e9f, flexibiln\u00ed pracovn\u00ed doba, prost\u011b jak si to ud\u011bl\u00e1te a napl\u00e1nujete, takov\u00e9 to budete m\u00edt. Podnikan\u00ed se za\u010d\u00ednaj\u00ed lid\u00e9 v\u011bnovat p\u0159edev\u0161\u00edm kv\u016fli vidin\u011b slu\u0161n\u00e9ho p\u0159\u00edjmu. Ov\u0161em zadarmo to nen\u00ed, ze za\u010d\u00e1tku to ur\u010dit\u011b bude vy\u017eadovat hodn\u011b \u010dasu a sna\u017een\u00ed. Nav\u00edc o\u010dek\u00e1vat, \u017ee b\u011bhem n\u011bkolika m\u011bs\u00edc\u016f se z v\u00e1s stanou milion\u00e1\u0159i, je dost naivn\u00ed, opak je pravdou, po\u010d\u00edtejte s t\u00edm, \u017ee za\u010d\u00e1tky budou kru\u0161n\u00e9 a zisky rozhodn\u011b nebudou takov\u00e9, aby odpov\u00eddaly va\u0161\u00ed p\u0159edstav\u011b. Co ale m\u016f\u017eete? Uplatnit to, co um\u00edte v maxim\u00e1ln\u00ed m\u00ed\u0159e bez toho, ani\u017e by v\u00e1s n\u011bkdo omezoval nebo v\u00e1m n\u011bco diktoval, uveden\u00ed va\u0161ich pl\u00e1n\u016f a n\u00e1pad\u016f do reality, ale v\u0161e m\u00e1 sv\u016fj \u010das a uskute\u010d\u0148ovat pl\u00e1ny by se m\u011blo postupn\u011b. Rozhodn\u011b se p\u0159i prvn\u00edm nezdaru nenechte odradit a u\u017e v\u016fbec sem nepat\u0159\u00ed pocit neschopnosti. Sna\u017ete se vzd\u011bl\u00e1vat a z\u00edsk\u00e1vat nejnov\u011bj\u0161\u00ed informace o sv\u00e9m oboru. R\u016fzn\u00e1 \u0161kolen\u00ed a workshopy se ur\u010dit\u011b vyplat\u00ed. Dobu, kdy budete pracovat, m\u016f\u017eete pln\u011b p\u0159izp\u016fsobit sob\u011b a sv\u00e9 rodin\u011b, i kdy\u017e byste samoz\u0159ejm\u011b m\u011bli vych\u00e1zet vst\u0159\u00edc sv\u00fdm z\u00e1kazn\u00edk\u016fm. Na rozd\u00edl od t\u011bch, kte\u0159\u00ed jsou zam\u011bstn\u00e1ni, vy si na dobu, kterou budete cht\u00edt vyu\u017e\u00edt k dovolen\u00e9, budete muset vyd\u011blat p\u0159edem, proto\u017ee tyto dny v\u00e1m nikdo nezaplat\u00ed. Podobn\u011b je tomu v dob\u011b nemoci, kdy nebudete moci se v\u011bnovat sv\u00e9 pr\u00e1ci. Jako b\u011b\u017en\u00fd zam\u011bstnanec si m\u016f\u017eete dovolit marodit, jako podnikatel ne. Pap\u00edrov\u00e1n\u00ed nad hlavu, b\u011bh\u00e1n\u00ed po \u00fa\u0159adech, to je to, co v\u00e1s nemine, placen\u00ed DPH, zdravotn\u00edho a soci\u00e1ln\u00edho poji\u0161t\u011bn\u00ed, silni\u010dn\u00ed da\u0148, hl\u00edd\u00e1n\u00ed splatnosti faktur jak od odb\u011bratel\u016f, tak od dodavatel\u016f, t\u00edm v\u0161\u00edm budete zavaleni. St\u00e1t v tomto p\u0159\u00edpad\u011b nakl\u00e1d\u00e1 na bedra podnikatel\u016f docela slu\u0161n\u00e9 b\u0159emeno. Pravideln\u00fd m\u011bs\u00ed\u010dn\u00ed p\u0159\u00edjem tak\u00e9 nemus\u00ed b\u00fdt pravidlem, co si nevyd\u011bl\u00e1te, to m\u00edt nebudete, sta\u010d\u00ed, \u017ee p\u00e1r z\u00e1kazn\u00edk\u016f nezaplat\u00ed nebo se \u00fahradou opozd\u00ed a m\u016f\u017eete se ocitnout ve finan\u010dn\u00ed t\u00edsni, i kdy\u017e jen do\u010dasn\u011b. A tak ne\u017e se rozhodnete za\u010d\u00edt s podnik\u00e1n\u00edm, zamyslete se nad v\u0161\u00edm, nad klady i z\u00e1pory.                                                                                                                                                                                                                                                                                                                                                                                        3.5\/5 - (10 votes)        "},{"@context":"https:\/\/schema.org\/","@type":"BreadcrumbList","itemListElement":[{"@type":"ListItem","position":1,"name":"Pro\u010d ano a pro\u010d ne","item":"https:\/\/www.fret.cz\/proc-ano-a-proc-ne\/#breadcrumbitem"}]}]