[{"@context":"https:\/\/schema.org\/","@type":"Article","@id":"https:\/\/www.fret.cz\/pro-svatecni-chvile\/#Article","mainEntityOfPage":"https:\/\/www.fret.cz\/pro-svatecni-chvile\/","headline":"Pro sv\u00e1te\u010dn\u00ed chv\u00edle","name":"Pro sv\u00e1te\u010dn\u00ed chv\u00edle","description":"V\u011bt\u0161ina z n\u00e1s m\u00e1 t\u0159eba pr\u00e1v\u011b obdob\u00ed adventu a v\u00e1noc spojen\u00e9 se spoustou chut\u00ed a v\u016fn\u00ed. V podv\u011bdom\u00ed c\u00edt\u00edme jehli\u010d\u00ed, vanilku, sko\u0159ici, ale i \u010dern\u00fd \u010daj. Pro\u010d? Prost\u011b tak n\u011bjak k sv\u00e1tk\u016fm pat\u0159\u00ed! I ostatn\u00ed druhy, kter\u00e9 tak r\u00e1di pou\u017e\u00edv\u00e1me. U n\u00e1s si m\u016f\u017eete bez probl\u00e9m\u016f objednat vylo\u017een\u011b v\u00e1no\u010dn\u00ed balen\u00ed, speci\u00e1ln\u011b p\u0159ipraven\u00e9 pro sv\u00e1te\u010dn\u00ed chv\u00edle! [&hellip;]","datePublished":"2023-11-30","dateModified":"2023-11-30","author":{"@type":"Person","@id":"https:\/\/www.fret.cz\/author\/#Person","name":"","url":"https:\/\/www.fret.cz\/author\/","identifier":1,"image":{"@type":"ImageObject","@id":"https:\/\/secure.gravatar.com\/avatar\/cfe4dae5aaf43720425415780408681beb9b9a829e9a657295ed1cacce5febc2?s=96&d=mm&r=g","url":"https:\/\/secure.gravatar.com\/avatar\/cfe4dae5aaf43720425415780408681beb9b9a829e9a657295ed1cacce5febc2?s=96&d=mm&r=g","height":96,"width":96}},"publisher":{"@type":"Organization","name":"fret.cz","logo":{"@type":"ImageObject","@id":"\/logo.png","url":"\/logo.png","width":600,"height":60}},"url":"https:\/\/www.fret.cz\/pro-svatecni-chvile\/","wordCount":247,"articleBody":"V\u011bt\u0161ina z n\u00e1s m\u00e1 t\u0159eba pr\u00e1v\u011b obdob\u00ed adventu a v\u00e1noc spojen\u00e9 se spoustou chut\u00ed a v\u016fn\u00ed. V podv\u011bdom\u00ed c\u00edt\u00edme jehli\u010d\u00ed, vanilku, sko\u0159ici, ale i \u010dern\u00fd \u010daj. Pro\u010d? Prost\u011b tak n\u011bjak k sv\u00e1tk\u016fm pat\u0159\u00ed! I ostatn\u00ed druhy, kter\u00e9 tak r\u00e1di pou\u017e\u00edv\u00e1me. U n\u00e1s si m\u016f\u017eete bez probl\u00e9m\u016f objednat vylo\u017een\u011b v\u00e1no\u010dn\u00ed balen\u00ed, speci\u00e1ln\u011b p\u0159ipraven\u00e9 pro sv\u00e1te\u010dn\u00ed chv\u00edle! Sh\u00e1n\u00edte vhodn\u00fd d\u00e1rek? Je to jedna z mo\u017enost\u00ed, jak ud\u011blat sv\u00fdm bl\u00edzk\u00fdm radost a nem\u00edt strach, \u017ee s d\u00e1rkem neusp\u011bjeme! Objednejte u n\u00e1s s dostate\u010dn\u00fdm p\u0159edstihem vybran\u00e9 druhy, jak pro v\u00e1s, tak pro va\u0161\u00ed rodinu! Zkuste n\u011bco nov\u00e9ho, otev\u0159ete si nov\u00e9 dve\u0159e do jin\u00fdch dimenz\u00ed, do sv\u011bta nov\u00fdch chut\u00ed a v\u016fn\u00ed! Jen tak bude v\u00e1\u0161 \u017eivot zase o n\u011bco bohat\u0161\u00ed! Pr\u00e1v\u011b te\u010f, kdy\u017e jste kone\u010dn\u011b objevili prodejce, kter\u00fd z\u00e1rove\u0148 i dov\u00e1\u017e\u00ed vysoce jakostn\u00ed zbo\u017e\u00ed, by byla \u0161koda neochutnat neochutnan\u00e9 a nepoznat nepoznan\u00e9!Pro va\u0161e z\u00e1kazn\u00edkyVyb\u00edrejte v na\u0161em velkoobchodu pro va\u0161e z\u00e1kazn\u00edky! Cht\u011bjte sv\u016fj obchod vybavit luxusn\u00edm zbo\u017e\u00edm, kter\u00e9 se na pult\u011b dlouho neoh\u0159eje! Vyb\u00edrejte z na\u0161\u00ed pestr\u00e9 nab\u00eddky p\u0159esn\u011b ty produkty, kter\u00e9 budou m\u00edt \u00fasp\u011bch!                                                                                                                                                                                                                                                                                                                                                                                        4.3\/5 - (6 votes)        "},{"@context":"https:\/\/schema.org\/","@type":"BreadcrumbList","itemListElement":[{"@type":"ListItem","position":1,"name":"Pro sv\u00e1te\u010dn\u00ed chv\u00edle","item":"https:\/\/www.fret.cz\/pro-svatecni-chvile\/#breadcrumbitem"}]}]