[{"@context":"https:\/\/schema.org\/","@type":"Blog","@id":"https:\/\/www.fret.cz#Blog","headline":"Fret","description":"\nChcete zm\u011bnit sv\u016fj \u017eivot k lep\u0161\u00edmu? A\u0165 u\u017e jste k\u00fdmkoliv, na na\u0161\u00ed internetov\u00e9 str\u00e1nce v\u00e1m s takovou zm\u011bnou v\u00edce ne\u017e ochotn\u011b a nezi\u0161tn\u011b pom\u016f\u017eeme.","url":"https:\/\/www.fret.cz","hasPart":[{"@type":"Article","@id":"https:\/\/www.fret.cz\/skvela-zabava-pro-kazdeho-z-vas\/","headline":"Skv\u011bl\u00e1 z\u00e1bava pro ka\u017ed\u00e9ho z V\u00e1s","url":"https:\/\/www.fret.cz\/skvela-zabava-pro-kazdeho-z-vas\/","datePublished":"2025-08-12","dateModified":"2025-08-12","mainEntityOfPage":"https:\/\/www.fret.cz\/skvela-zabava-pro-kazdeho-z-vas\/","author":{"@type":"Person","@id":"https:\/\/www.fret.cz\/author\/#Person","name":"","url":"https:\/\/www.fret.cz\/author\/","identifier":1,"image":{"@type":"ImageObject","@id":"https:\/\/secure.gravatar.com\/avatar\/cfe4dae5aaf43720425415780408681beb9b9a829e9a657295ed1cacce5febc2?s=96&d=mm&r=g","url":"https:\/\/secure.gravatar.com\/avatar\/cfe4dae5aaf43720425415780408681beb9b9a829e9a657295ed1cacce5febc2?s=96&d=mm&r=g","height":96,"width":96}},"publisher":{"@type":"Organization","name":"fret.cz","logo":{"@type":"ImageObject","@id":"\/logo.png","url":"\/logo.png","width":600,"height":60}},"image":null,"wordCount":228,"keywords":null},{"@type":"Article","@id":"https:\/\/www.fret.cz\/paradni-sance-jak-si-zdokonalit-vozidlo\/","headline":"Par\u00e1dn\u00ed \u0161ance, jak si zdokonalit vozidlo","url":"https:\/\/www.fret.cz\/paradni-sance-jak-si-zdokonalit-vozidlo\/","datePublished":"2025-08-10","dateModified":"2025-08-10","mainEntityOfPage":"https:\/\/www.fret.cz\/paradni-sance-jak-si-zdokonalit-vozidlo\/","author":{"@type":"Person","@id":"https:\/\/www.fret.cz\/author\/#Person","name":"","url":"https:\/\/www.fret.cz\/author\/","identifier":1,"image":{"@type":"ImageObject","@id":"https:\/\/secure.gravatar.com\/avatar\/cfe4dae5aaf43720425415780408681beb9b9a829e9a657295ed1cacce5febc2?s=96&d=mm&r=g","url":"https:\/\/secure.gravatar.com\/avatar\/cfe4dae5aaf43720425415780408681beb9b9a829e9a657295ed1cacce5febc2?s=96&d=mm&r=g","height":96,"width":96}},"publisher":{"@type":"Organization","name":"fret.cz","logo":{"@type":"ImageObject","@id":"\/logo.png","url":"\/logo.png","width":600,"height":60}},"image":null,"wordCount":260,"keywords":null},{"@type":"Article","@id":"https:\/\/www.fret.cz\/na-zahradu-maly-bazen\/","headline":"Na zahradu mal\u00fd baz\u00e9n?","url":"https:\/\/www.fret.cz\/na-zahradu-maly-bazen\/","datePublished":"2025-08-03","dateModified":"2025-08-03","mainEntityOfPage":"https:\/\/www.fret.cz\/na-zahradu-maly-bazen\/","author":{"@type":"Person","@id":"https:\/\/www.fret.cz\/author\/#Person","name":"","url":"https:\/\/www.fret.cz\/author\/","identifier":1,"image":{"@type":"ImageObject","@id":"https:\/\/secure.gravatar.com\/avatar\/cfe4dae5aaf43720425415780408681beb9b9a829e9a657295ed1cacce5febc2?s=96&d=mm&r=g","url":"https:\/\/secure.gravatar.com\/avatar\/cfe4dae5aaf43720425415780408681beb9b9a829e9a657295ed1cacce5febc2?s=96&d=mm&r=g","height":96,"width":96}},"publisher":{"@type":"Organization","name":"fret.cz","logo":{"@type":"ImageObject","@id":"\/logo.png","url":"\/logo.png","width":600,"height":60}},"image":{"@type":"ImageObject","@id":"https:\/\/www.fret.cz\/wp-content\/uploads\/pool-677904_640_1.jpg","url":"https:\/\/www.fret.cz\/wp-content\/uploads\/pool-677904_640_1.jpg","height":0,"width":0},"wordCount":614,"keywords":null},{"@type":"Article","@id":"https:\/\/www.fret.cz\/pokud-byste-si-rad-svou-milou-vzal\/","headline":"Pokud byste si r\u00e1d svou milou vzal","url":"https:\/\/www.fret.cz\/pokud-byste-si-rad-svou-milou-vzal\/","datePublished":"2025-08-02","dateModified":"2025-08-02","mainEntityOfPage":"https:\/\/www.fret.cz\/pokud-byste-si-rad-svou-milou-vzal\/","author":{"@type":"Person","@id":"https:\/\/www.fret.cz\/author\/#Person","name":"","url":"https:\/\/www.fret.cz\/author\/","identifier":1,"image":{"@type":"ImageObject","@id":"https:\/\/secure.gravatar.com\/avatar\/cfe4dae5aaf43720425415780408681beb9b9a829e9a657295ed1cacce5febc2?s=96&d=mm&r=g","url":"https:\/\/secure.gravatar.com\/avatar\/cfe4dae5aaf43720425415780408681beb9b9a829e9a657295ed1cacce5febc2?s=96&d=mm&r=g","height":96,"width":96}},"publisher":{"@type":"Organization","name":"fret.cz","logo":{"@type":"ImageObject","@id":"\/logo.png","url":"\/logo.png","width":600,"height":60}},"image":null,"wordCount":204,"keywords":null},{"@type":"Article","@id":"https:\/\/www.fret.cz\/nase-podlahy-vam-vydrzi-cely-zivot\/","headline":"Na\u0161e podlahy v\u00e1m vydr\u017e\u00ed cel\u00fd \u017eivot","url":"https:\/\/www.fret.cz\/nase-podlahy-vam-vydrzi-cely-zivot\/","datePublished":"2025-07-27","dateModified":"2025-07-27","mainEntityOfPage":"https:\/\/www.fret.cz\/nase-podlahy-vam-vydrzi-cely-zivot\/","author":{"@type":"Person","@id":"https:\/\/www.fret.cz\/author\/#Person","name":"","url":"https:\/\/www.fret.cz\/author\/","identifier":1,"image":{"@type":"ImageObject","@id":"https:\/\/secure.gravatar.com\/avatar\/cfe4dae5aaf43720425415780408681beb9b9a829e9a657295ed1cacce5febc2?s=96&d=mm&r=g","url":"https:\/\/secure.gravatar.com\/avatar\/cfe4dae5aaf43720425415780408681beb9b9a829e9a657295ed1cacce5febc2?s=96&d=mm&r=g","height":96,"width":96}},"publisher":{"@type":"Organization","name":"fret.cz","logo":{"@type":"ImageObject","@id":"\/logo.png","url":"\/logo.png","width":600,"height":60}},"image":null,"wordCount":210,"keywords":null},{"@type":"Article","@id":"https:\/\/www.fret.cz\/z-masivu-jsou-narocnejsi-na-udrzbu\/","headline":"Z masivu jsou n\u00e1ro\u010dn\u011bj\u0161\u00ed na \u00fadr\u017ebu","url":"https:\/\/www.fret.cz\/z-masivu-jsou-narocnejsi-na-udrzbu\/","datePublished":"2025-07-20","dateModified":"2025-07-20","mainEntityOfPage":"https:\/\/www.fret.cz\/z-masivu-jsou-narocnejsi-na-udrzbu\/","author":{"@type":"Person","@id":"https:\/\/www.fret.cz\/author\/#Person","name":"","url":"https:\/\/www.fret.cz\/author\/","identifier":1,"image":{"@type":"ImageObject","@id":"https:\/\/secure.gravatar.com\/avatar\/cfe4dae5aaf43720425415780408681beb9b9a829e9a657295ed1cacce5febc2?s=96&d=mm&r=g","url":"https:\/\/secure.gravatar.com\/avatar\/cfe4dae5aaf43720425415780408681beb9b9a829e9a657295ed1cacce5febc2?s=96&d=mm&r=g","height":96,"width":96}},"publisher":{"@type":"Organization","name":"fret.cz","logo":{"@type":"ImageObject","@id":"\/logo.png","url":"\/logo.png","width":600,"height":60}},"image":null,"wordCount":211,"keywords":null},{"@type":"Article","@id":"https:\/\/www.fret.cz\/poridte-si-nektera-z-nasi-nabidky\/","headline":"Po\u0159i\u010fte si n\u011bkter\u00e1 z na\u0161\u00ed nab\u00eddky","url":"https:\/\/www.fret.cz\/poridte-si-nektera-z-nasi-nabidky\/","datePublished":"2025-07-15","dateModified":"2025-07-15","mainEntityOfPage":"https:\/\/www.fret.cz\/poridte-si-nektera-z-nasi-nabidky\/","author":{"@type":"Person","@id":"https:\/\/www.fret.cz\/author\/#Person","name":"","url":"https:\/\/www.fret.cz\/author\/","identifier":1,"image":{"@type":"ImageObject","@id":"https:\/\/secure.gravatar.com\/avatar\/cfe4dae5aaf43720425415780408681beb9b9a829e9a657295ed1cacce5febc2?s=96&d=mm&r=g","url":"https:\/\/secure.gravatar.com\/avatar\/cfe4dae5aaf43720425415780408681beb9b9a829e9a657295ed1cacce5febc2?s=96&d=mm&r=g","height":96,"width":96}},"publisher":{"@type":"Organization","name":"fret.cz","logo":{"@type":"ImageObject","@id":"\/logo.png","url":"\/logo.png","width":600,"height":60}},"image":null,"wordCount":214,"keywords":null},{"@type":"Article","@id":"https:\/\/www.fret.cz\/proc-jsou-saty-na-miru-lepsi-nez-konfekce\/","headline":"Pro\u010d jsou \u0161aty na m\u00edru lep\u0161\u00ed ne\u017e konfekce?","url":"https:\/\/www.fret.cz\/proc-jsou-saty-na-miru-lepsi-nez-konfekce\/","datePublished":"2025-07-10","dateModified":"2025-07-10","mainEntityOfPage":"https:\/\/www.fret.cz\/proc-jsou-saty-na-miru-lepsi-nez-konfekce\/","author":{"@type":"Person","@id":"https:\/\/www.fret.cz\/author\/#Person","name":"","url":"https:\/\/www.fret.cz\/author\/","identifier":1,"image":{"@type":"ImageObject","@id":"https:\/\/secure.gravatar.com\/avatar\/cfe4dae5aaf43720425415780408681beb9b9a829e9a657295ed1cacce5febc2?s=96&d=mm&r=g","url":"https:\/\/secure.gravatar.com\/avatar\/cfe4dae5aaf43720425415780408681beb9b9a829e9a657295ed1cacce5febc2?s=96&d=mm&r=g","height":96,"width":96}},"publisher":{"@type":"Organization","name":"fret.cz","logo":{"@type":"ImageObject","@id":"\/logo.png","url":"\/logo.png","width":600,"height":60}},"image":{"@type":"ImageObject","@id":"https:\/\/www.fret.cz\/wp-content\/uploads\/everton-vila-pFAKkrGdavI-unsplash.jpg","url":"https:\/\/www.fret.cz\/wp-content\/uploads\/everton-vila-pFAKkrGdavI-unsplash.jpg","height":0,"width":0},"wordCount":574,"keywords":null},{"@type":"Article","@id":"https:\/\/www.fret.cz\/vyzkousejte-nase-produkty\/","headline":"Vyzkou\u0161ejte na\u0161e produkty","url":"https:\/\/www.fret.cz\/vyzkousejte-nase-produkty\/","datePublished":"2025-07-08","dateModified":"2025-07-08","mainEntityOfPage":"https:\/\/www.fret.cz\/vyzkousejte-nase-produkty\/","author":{"@type":"Person","@id":"https:\/\/www.fret.cz\/author\/#Person","name":"","url":"https:\/\/www.fret.cz\/author\/","identifier":1,"image":{"@type":"ImageObject","@id":"https:\/\/secure.gravatar.com\/avatar\/cfe4dae5aaf43720425415780408681beb9b9a829e9a657295ed1cacce5febc2?s=96&d=mm&r=g","url":"https:\/\/secure.gravatar.com\/avatar\/cfe4dae5aaf43720425415780408681beb9b9a829e9a657295ed1cacce5febc2?s=96&d=mm&r=g","height":96,"width":96}},"publisher":{"@type":"Organization","name":"fret.cz","logo":{"@type":"ImageObject","@id":"\/logo.png","url":"\/logo.png","width":600,"height":60}},"image":null,"wordCount":291,"keywords":null},{"@type":"Article","@id":"https:\/\/www.fret.cz\/bunda-kari-traa-jako-darek-pro-kolegyni-z-prace\/","headline":"Bunda Kari Traa jako d\u00e1rek pro kolegyni z pr\u00e1ce","url":"https:\/\/www.fret.cz\/bunda-kari-traa-jako-darek-pro-kolegyni-z-prace\/","datePublished":"2025-07-07","dateModified":"2025-07-07","mainEntityOfPage":"https:\/\/www.fret.cz\/bunda-kari-traa-jako-darek-pro-kolegyni-z-prace\/","author":{"@type":"Person","@id":"https:\/\/www.fret.cz\/author\/#Person","name":"","url":"https:\/\/www.fret.cz\/author\/","identifier":1,"image":{"@type":"ImageObject","@id":"https:\/\/secure.gravatar.com\/avatar\/cfe4dae5aaf43720425415780408681beb9b9a829e9a657295ed1cacce5febc2?s=96&d=mm&r=g","url":"https:\/\/secure.gravatar.com\/avatar\/cfe4dae5aaf43720425415780408681beb9b9a829e9a657295ed1cacce5febc2?s=96&d=mm&r=g","height":96,"width":96}},"publisher":{"@type":"Organization","name":"fret.cz","logo":{"@type":"ImageObject","@id":"\/logo.png","url":"\/logo.png","width":600,"height":60}},"image":{"@type":"ImageObject","@id":"https:\/\/www.fret.cz\/wp-content\/uploads\/winter-4682049_640.jpg","url":"https:\/\/www.fret.cz\/wp-content\/uploads\/winter-4682049_640.jpg","height":0,"width":0},"wordCount":542,"keywords":null}]},{"@context":"https:\/\/schema.org","@type":"WebSite","@id":"https:\/\/www.fret.cz\/#website","name":"Fret","url":"https:\/\/www.fret.cz","potentialAction":{"@type":"SearchAction","target":"https:\/\/www.fret.cz\/?s={search_term_string}","query-input":"required name=search_term_string"}}]