[{"@context":"https:\/\/schema.org\/","@type":"Article","@id":"https:\/\/www.fret.cz\/nezapomente-na-kabelku\/#Article","mainEntityOfPage":"https:\/\/www.fret.cz\/nezapomente-na-kabelku\/","headline":"Nezapome\u0148te na kabelku","name":"Nezapome\u0148te na kabelku","description":"Mu\u017e miluje o\u010dima, \u017eena u\u0161ima. Tak to prost\u011b je, i kdy\u017e se tomu n\u011bkdo m\u016f\u017ee br\u00e1nit. \u00b7 Jen se rozpome\u0148te na n\u011bkter\u00e9 momenty sv\u00e9ho \u017eivota, kdy\u017e jste se, t\u0159eba Vy \u017eeny, vy\u0161\u0148o\u0159ily do nejv\u011bt\u0161\u00ed elegance a V\u00e1\u0161 man\u017eel se jen spokojen\u011b pousm\u00e1l. Ale nic ne\u0159ekl. On spokojen\u00fd byl. Ale co Vy? \u00b7 Nebo naopak. Kdy\u017e [&hellip;]","datePublished":"2018-07-02","dateModified":"2023-05-02","author":{"@type":"Person","@id":"https:\/\/www.fret.cz\/author\/#Person","name":"","url":"https:\/\/www.fret.cz\/author\/","identifier":1,"image":{"@type":"ImageObject","@id":"https:\/\/secure.gravatar.com\/avatar\/cfe4dae5aaf43720425415780408681beb9b9a829e9a657295ed1cacce5febc2?s=96&d=mm&r=g","url":"https:\/\/secure.gravatar.com\/avatar\/cfe4dae5aaf43720425415780408681beb9b9a829e9a657295ed1cacce5febc2?s=96&d=mm&r=g","height":96,"width":96}},"publisher":{"@type":"Organization","name":"fret.cz","logo":{"@type":"ImageObject","@id":"\/logo.png","url":"\/logo.png","width":600,"height":60}},"image":{"@type":"ImageObject","@id":"https:\/\/www.fret.cz\/wp-content\/uploads\/img_a320666_w2445_t1531985158.jpg","url":"https:\/\/www.fret.cz\/wp-content\/uploads\/img_a320666_w2445_t1531985158.jpg","height":0,"width":0},"url":"https:\/\/www.fret.cz\/nezapomente-na-kabelku\/","about":["\u017divotn\u00ed styl"],"wordCount":423,"articleBody":"          Mu\u017e miluje o\u010dima, \u017eena u\u0161ima. Tak to prost\u011b je, i kdy\u017e se tomu n\u011bkdo m\u016f\u017ee br\u00e1nit. \u00b7 Jen se rozpome\u0148te na n\u011bkter\u00e9 momenty sv\u00e9ho \u017eivota, kdy\u017e jste se, t\u0159eba Vy \u017eeny, vy\u0161\u0148o\u0159ily do nejv\u011bt\u0161\u00ed elegance a V\u00e1\u0161 man\u017eel se jen spokojen\u011b pousm\u00e1l. Ale nic ne\u0159ekl. On spokojen\u00fd byl. Ale co Vy? \u00b7 Nebo naopak. Kdy\u017e p\u0159iv\u00edt\u00e1te man\u017eela po del\u0161\u00ed slu\u017eebn\u00ed cest\u011b v z\u00e1st\u011b\u0159e, s rukama od t\u011bsta a v nat\u00e1\u010dk\u00e1ch. Man\u017eel\u016fv rozpa\u010dit\u00fd \u00fasm\u011bv vypov\u00ed v\u0161echno. V takov\u00e9 chv\u00edli je lep\u0161\u00ed, kdy\u017e ml\u010d\u00ed. A necht\u011bjte \u010d\u00edst jeho my\u0161lenky o tom, \u017ee m\u011bl rad\u011bji z\u016fstat tam, kde byl doposud.Inu na vzhledu tak\u00e9 velmi z\u00e1le\u017e\u00ed. Samoz\u0159ejm\u011b, \u017ee kdy\u017e se chyst\u00e1te ke spole\u010densk\u00e9 ud\u00e1losti, mus\u00edte n\u011bjak vypadat. Nesta\u010d\u00ed jen siln\u00e1 osobnost a jiskra v oku, kter\u00e1 Va\u0161eho man\u017eela okouzlila a zaujala natolik, \u017ee bez V\u00e1s u\u017e nedok\u00e1zal \u017e\u00edt. Tak\u017ee kdy\u017e dokonal\u00fd outfit dopln\u00edte dokonal\u00fdm dopl\u0148kem, jako je kabelka psan\u00ed\u010dko, potom u\u017e jen sta\u010d\u00ed zavolat taxi. V\u00e1\u0161 vzhled je prost\u011b dokonalost sama!Co tomu n\u011bkdy p\u0159edch\u00e1z\u00ed? Ale ur\u010dit\u011b se V\u00e1m mnohokr\u00e1t stalo, \u017ee p\u0159\u00edprava na spole\u010denskou ud\u00e1lost neprob\u00edhala jako po m\u00e1sle. \u00b7 Oko na silonk\u00e1ch a n\u00e1hradn\u00ed silonky v jin\u00e9m odst\u00ednu, ne\u017e v tom, ve kter\u00e9m jste cht\u011bla odej\u00edt. \u00b7 Proto muselo doj\u00edt ke zm\u011bn\u011b \u0161at\u016f. Je\u0161t\u011b \u0161t\u011bst\u00ed, \u017ee \u0161at\u016f m\u00e1te hned n\u011bkolik. Ale, panebo\u017ee, na jedn\u011bch je fl\u00ed\u010dek! No nic, vy\u017eehl\u00edte si ty \u010derstv\u011b vypran\u00e9! \u00b7 Jen\u017ee, jakou vybrat kabelku? Mo\u017en\u00e1, \u017ee kabelka ve tvaru psan\u00ed\u010dka nebude od v\u011bci. Ta se hod\u00ed prost\u011b ke v\u0161emu. \u00b7 A boty? Tak s t\u011bmi probl\u00e9m nebude. T\u011bch m\u00e1te dost. \u00b7 Co\u017ee? Kade\u0159nice onemocn\u011bla? Tak to se nikam nejde. Na\u0161t\u011bst\u00ed m\u00e1te mu\u017ee, kter\u00fd V\u00e1s dok\u00e1\u017ee uchl\u00e1cholit slovy o tom, jak V\u00e1m to slu\u0161\u00ed, kdy\u017e si jenom vy\u010de\u0161ete vlasy nahoru. A k t\u011bm \u0161at\u016fm, bot\u00e1m a psan\u00ed\u010dkov\u00e9 kabelce? Nejlep\u0161\u00ed \u00fa\u010des, kter\u00fd kdy vid\u011bl. Samy, mil\u00e9 \u017eeny, nakonec vid\u00edte v praxi, jak na V\u00e1s slovo p\u016fsob\u00ed. Sta\u010d\u00ed jen, aby to hlavn\u011b v\u011bd\u011bli mu\u017ei.                                                                                                                                                                                                                                                                                                                                                                                          4.6\/5 - (11 votes)        "},{"@context":"https:\/\/schema.org\/","@type":"BreadcrumbList","itemListElement":[{"@type":"ListItem","position":1,"name":"Nezapome\u0148te na kabelku","item":"https:\/\/www.fret.cz\/nezapomente-na-kabelku\/#breadcrumbitem"}]}]