[{"@context":"https:\/\/schema.org\/","@type":"Article","@id":"https:\/\/www.fret.cz\/co-je-to-duchodovy-vek\/#Article","mainEntityOfPage":"https:\/\/www.fret.cz\/co-je-to-duchodovy-vek\/","headline":"Co je to d\u016fchodov\u00fd v\u011bk?","name":"Co je to d\u016fchodov\u00fd v\u011bk?","description":"V\u011bk nad p\u011btapades\u00e1t let v dne\u0161n\u00ed dob\u011b zdaleka nelze jednozna\u010dn\u011b ozna\u010dit za d\u016fchodov\u00fd. Mnoz\u00ed z n\u00e1s p\u0159ed sebou maj\u00ed je\u0161t\u011b obrovskou spoustu pracovn\u00edch let, a t\u00edm p\u00e1dem i pracovn\u00edch povinnost\u00ed. P\u0159esto v\u0161ak v\u011bk, kter\u00fd se vyzna\u010duje v\u00edce ne\u017e p\u011bti k\u0159\u00ed\u017eky, p\u0159in\u00e1\u0161\u00ed p\u0159i p\u0159\u00edli\u0161n\u00e9m pracovn\u00edm nasazen\u00ed \u00fanavu, ale i stres, a proto je velmi d\u016fle\u017eit\u00e9 \u010das [&hellip;]","datePublished":"2025-08-29","dateModified":"2025-08-29","author":{"@type":"Person","@id":"https:\/\/www.fret.cz\/author\/#Person","name":"","url":"https:\/\/www.fret.cz\/author\/","identifier":1,"image":{"@type":"ImageObject","@id":"https:\/\/secure.gravatar.com\/avatar\/cfe4dae5aaf43720425415780408681beb9b9a829e9a657295ed1cacce5febc2?s=96&d=mm&r=g","url":"https:\/\/secure.gravatar.com\/avatar\/cfe4dae5aaf43720425415780408681beb9b9a829e9a657295ed1cacce5febc2?s=96&d=mm&r=g","height":96,"width":96}},"publisher":{"@type":"Organization","name":"fret.cz","logo":{"@type":"ImageObject","@id":"\/logo.png","url":"\/logo.png","width":600,"height":60}},"url":"https:\/\/www.fret.cz\/co-je-to-duchodovy-vek\/","wordCount":255,"articleBody":"V\u011bk nad p\u011btapades\u00e1t let v dne\u0161n\u00ed dob\u011b zdaleka nelze jednozna\u010dn\u011b ozna\u010dit za d\u016fchodov\u00fd. Mnoz\u00ed z n\u00e1s p\u0159ed sebou maj\u00ed je\u0161t\u011b obrovskou spoustu pracovn\u00edch let, a t\u00edm p\u00e1dem i pracovn\u00edch povinnost\u00ed. P\u0159esto v\u0161ak v\u011bk, kter\u00fd se vyzna\u010duje v\u00edce ne\u017e p\u011bti k\u0159\u00ed\u017eky, p\u0159in\u00e1\u0161\u00ed p\u0159i p\u0159\u00edli\u0161n\u00e9m pracovn\u00edm nasazen\u00ed \u00fanavu, ale i stres, a proto je velmi d\u016fle\u017eit\u00e9 \u010das od \u010dasu vypnout a nabrat s\u00edly t\u0159eba prost\u0159ednictv\u00edm n\u011bjak\u00e9 b\u00e1je\u010dn\u00e9 dovolen\u00e9. A proto je zde n\u00e1\u0161 webov\u00fd server, kter\u00fd p\u0159in\u00e1\u0161\u00ed velmi bohatou nab\u00eddku relaxa\u010dn\u00edch a wellness pobyt\u016f nejen v dom\u00e1c\u00edch podm\u00ednk\u00e1ch, ale tak\u00e9 skv\u011bl\u00fdch dovolen\u00fdch u mo\u0159e. Vyberte si prost\u0159ed\u00ed, kter\u00e9 v\u00e1m bude vyhovovat A\u017e si na\u0161i nab\u00eddku prohl\u00e9dnete, zjist\u00edte, \u017ee je tak rozmanit\u00e1, \u017ee nen\u00ed mo\u017en\u00e9, abyste si v n\u00ed nena\u0161li p\u0159esn\u011b takov\u00e9 pobyty pro seniory, kter\u00e9 v\u00e1s pln\u011b neoslov\u00ed. Pro n\u011bkter\u00e9 z v\u00e1s nemusej\u00ed b\u00fdt l\u00e1kadlem l\u00e1ze\u0148sk\u00e9 a wellness hotely nebo mo\u0159sk\u00e9 destinace, ale mnohem rad\u011bji si u\u017eijete svou dovolenou na hor\u00e1ch. I tato mo\u017enost je pro v\u00e1s p\u0159ipravena, a to za velmi zaj\u00edmav\u00e9 ceny. Radujte se z toho, \u017ee i vy\u0161\u0161\u00ed v\u011bk pro v\u00e1s m\u016f\u017ee b\u00fdt v n\u011b\u010dem v\u00fdhodou.                                                                                                                                                                                                                                                                                                                                                                                                "},{"@context":"https:\/\/schema.org\/","@type":"BreadcrumbList","itemListElement":[{"@type":"ListItem","position":1,"name":"Co je to d\u016fchodov\u00fd v\u011bk?","item":"https:\/\/www.fret.cz\/co-je-to-duchodovy-vek\/#breadcrumbitem"}]}]